{"id":28,"date":"2008-03-30T11:45:50","date_gmt":"2008-03-30T09:45:50","guid":{"rendered":"https:\/\/unmondemeilleur.silicon-peace.com\/?p=28"},"modified":"2016-05-08T11:18:58","modified_gmt":"2016-05-08T09:18:58","slug":"une-heure-pour-la-planete","status":"publish","type":"post","link":"https:\/\/silicon-peace.com\/unmondemeilleur\/une-heure-pour-la-planete\/","title":{"rendered":"Une heure pour la plan\u00e8te"},"content":{"rendered":"<p>Non\u00a0! Je n\u2019ai pas \u00e9teint mes lumi\u00e8res le samedi 29 mars dans le cadre de l\u2019action \u00ab\u00a0Une heure pour la plan\u00e8te\u00a0\u00bb. Tout simplement parce que je ne laisse pas de lampes allum\u00e9es inutilement. Entre 20h et 21h, seuls mes \u00e9crans d\u2019ordinateur \u00e9taient allum\u00e9s.<\/p>\n<p>Certaines villes se f\u00e9licitent d\u2019avoir baiss\u00e9 de mani\u00e8re significative leur consommation d\u2019\u00e9lectricit\u00e9 durant cette heure et promettent de renouveler l\u2019op\u00e9ration l\u2019ann\u00e9e prochaine. Wow\u00a0! C\u2019est bien\u00a0! Pourquoi ne le font-elles pas en permanence\u00a0? Il ne s\u2019agissait m\u00eame pas de supprimer tous les \u00e9clairages, l\u2019\u00e9clairage des rues \u00e9tant maintenu. Seul l\u2019\u00e9clairage des monuments, \u00e9glises, ch\u00e2teaux, ponts et autres statues \u00e9tait concern\u00e9. Vous savez, ces trucs que l\u2019on met en \u00e9vidence pour attirer les touristes depuis l\u2019autre bout de la plan\u00e8te.<\/p>\n<p>Pr\u00e9tendre que ces \u00e9clairages ne sont pas inutiles revient \u00e0 admettre que le profit imm\u00e9diat de l\u2019industrie du tourisme est plus important que le devenir de la plan\u00e8te et de ses habitants. Comment\u00a0? Il ne s\u2019agit pas seulement d\u2019attirer les touristes, mais \u00e9galement d\u2019am\u00e9liorer l\u2019image de nos villes pour leurs habitants\u00a0? Que d\u00e9sirent vraiment les citadins\u00a0? Que l\u2019on am\u00e9liore la qualit\u00e9 de vie dans la ville en diminuant la pollution des v\u00e9hicules et des chauffages au mazout, que l\u2019on renforce les transports publics, ou que l\u2019on am\u00e9liore l\u2019image de la ville\u00a0? \u00c0 votre avis\u00a0?<\/p>\n<p>J\u2019entends d\u00e9j\u00e0 certains argumenter qu\u2019agir sur l\u2019image coute moins cher que r\u00e9soudre les v\u00e9ritables probl\u00e8mes. Si c\u2019est un probl\u00e8me d\u2019argent, alors pourquoi en gaspiller autant en envoyant des m\u00e9gawatts vers le ciel\u00a0? Surtout qu\u2019en se joignant \u00e0 cette action \u00ab\u00a0une heure pour la plan\u00e8te\u00a0\u00bb, ces villes sont motiv\u00e9es par leur image, non\u00a0?<\/p>\n<p>Nos monuments religieux et culturels ne seraient-ils pas mieux mis en valeur s\u2019ils \u00e9taient \u00e9clair\u00e9s par la clart\u00e9 de la pleine lune\u00a0? Ceux qui ont eu la chance de se promener \u00e0 la seule lueur des \u00e9toiles t\u00e9moigneront que les \u00e9motions que cela engendre sont bien sup\u00e9rieures \u00e0 celles que peuvent produire les lampes \u00e0 argon ou les modernes et \u00e9conomiques LEDs. Et tout \u00e7a, pour pas un rond\u00a0!<\/p>\n<p>Alors, la prochaine fois que l\u2019on vous proposera une action symbolique pour faire changer les mentalit\u00e9s, r\u00e9pondez que vous ne pouvez pas vous y joindre, vu que vous agissez en permanence\u00a0!<\/p>\n<p>Souvenons-nous que nous ne sommes pas propri\u00e9taires de cette plan\u00e8te. Nous n\u2019en sommes que colocataires\u00a0!<\/p>\n<div class=\"sharedaddy sd-sharing-enabled\"><\/div>\n","protected":false},"excerpt":{"rendered":"<p>Non\u00a0! Je n\u2019ai pas \u00e9teint mes lumi\u00e8res le samedi 29 mars dans le cadre de l\u2019action \u00ab\u00a0Une heure pour la plan\u00e8te\u00a0\u00bb. Tout simplement parce que je ne laisse pas de lampes allum\u00e9es inutilement. Entre 20h et 21h, seuls mes \u00e9crans d\u2019ordinateur \u00e9taient allum\u00e9s. Certaines villes se f\u00e9licitent d\u2019avoir baiss\u00e9 de mani\u00e8re significative leur consommation d\u2019\u00e9lectricit\u00e9 <a class=\"more-link\" href=\"https:\/\/silicon-peace.com\/unmondemeilleur\/une-heure-pour-la-planete\/\">Lire plus &#8230;<\/a><\/p>\n","protected":false},"author":3,"featured_media":0,"comment_status":"open","ping_status":"closed","sticky":false,"template":"","format":"standard","meta":{"footnotes":""},"categories":[17,2],"tags":[],"class_list":["post-28","post","type-post","status-publish","format-standard","hentry","category-environnement","category-lavenir"],"_links":{"self":[{"href":"https:\/\/silicon-peace.com\/unmondemeilleur\/wp-json\/wp\/v2\/posts\/28","targetHints":{"allow":["GET"]}}],"collection":[{"href":"https:\/\/silicon-peace.com\/unmondemeilleur\/wp-json\/wp\/v2\/posts"}],"about":[{"href":"https:\/\/silicon-peace.com\/unmondemeilleur\/wp-json\/wp\/v2\/types\/post"}],"author":[{"embeddable":true,"href":"https:\/\/silicon-peace.com\/unmondemeilleur\/wp-json\/wp\/v2\/users\/3"}],"replies":[{"embeddable":true,"href":"https:\/\/silicon-peace.com\/unmondemeilleur\/wp-json\/wp\/v2\/comments?post=28"}],"version-history":[{"count":1,"href":"https:\/\/silicon-peace.com\/unmondemeilleur\/wp-json\/wp\/v2\/posts\/28\/revisions"}],"predecessor-version":[{"id":29,"href":"https:\/\/silicon-peace.com\/unmondemeilleur\/wp-json\/wp\/v2\/posts\/28\/revisions\/29"}],"wp:attachment":[{"href":"https:\/\/silicon-peace.com\/unmondemeilleur\/wp-json\/wp\/v2\/media?parent=28"}],"wp:term":[{"taxonomy":"category","embeddable":true,"href":"https:\/\/silicon-peace.com\/unmondemeilleur\/wp-json\/wp\/v2\/categories?post=28"},{"taxonomy":"post_tag","embeddable":true,"href":"https:\/\/silicon-peace.com\/unmondemeilleur\/wp-json\/wp\/v2\/tags?post=28"}],"curies":[{"name":"wp","href":"https:\/\/api.w.org\/{rel}","templated":true}]}}