{"id":207,"date":"2017-02-05T14:20:28","date_gmt":"2017-02-05T13:20:28","guid":{"rendered":"https:\/\/unmondemeilleur.silicon-peace.com\/?p=207"},"modified":"2017-02-05T14:21:20","modified_gmt":"2017-02-05T13:21:20","slug":"post-verite-vraiment","status":"publish","type":"post","link":"https:\/\/silicon-peace.com\/unmondemeilleur\/post-verite-vraiment\/","title":{"rendered":"Post v\u00e9rit\u00e9 ? Vraiment?"},"content":{"rendered":"<p>Depuis l\u2019\u00e9lection de Donald Trump \u00e0 la pr\u00e9sidence des \u00c9tats-Unis d\u2019Am\u00e9rique et de la libert\u00e9 que lui et son entourage prennent vis-\u00e0-vis de la r\u00e9alit\u00e9 des faits, il de bon ton de pr\u00e9tendre que nous sommes d\u00e9sormais entr\u00e9s dans une \u00e8re de<em> Post-V\u00e9rit\u00e9<\/em>. Mais est-ce vraiment le cas? N\u2019entrerions-nous pas, timidement, plut\u00f4t dans une \u00e8re de <em>Pr\u00e9-V\u00e9rit\u00e9<\/em>?<\/p>\n<p>Affirmer que nous sommes d\u00e9sormais dans une \u00e8re de <em>Post-V\u00e9rit\u00e9<\/em>, c\u2019est \u00e9galement affirmer que l\u2019\u00e8re qui a pr\u00e9c\u00e9d\u00e9 \u00e9tait, elle, une \u00e8re o\u00f9 r\u00e9gnait\u00a0la <em>V\u00e9rit\u00e9<\/em>. Euh&#8230; Attends-l\u00e0 ! Il faut que je relise cette phrase. Il me semble qu\u2019il y a quelque chose qui cloche&#8230;<\/p>\n<p><em><strong>Affirmer que nous sommes d\u00e9sormais dans une \u00e8re de Post-V\u00e9rit\u00e9, c\u2019est \u00e9galement affirmer que l\u2019\u00e8re qui a pr\u00e9c\u00e9d\u00e9 \u00e9tait, elle, une \u00e8re o\u00f9 r\u00e9gnait\u00a0la <\/strong><strong>V\u00e9rit\u00e9<\/strong><strong>.<\/strong><\/em><\/p>\n<p>Non. La phrase est\u00a0correcte s\u00e9mantiquement et syntaxiquement, mais elle me semble pourtant peu conforme \u00e0 la r\u00e9alit\u00e9 telle que je la per\u00e7ois.<\/p>\n<p>Les <em>faits alternatifs<\/em> dont la nouvelle administration \u00e9tats-unienne inonde les canaux d\u2019informations sont-ils si diff\u00e9rents des v\u00e9rit\u00e9s officielles des d\u00e9cennies pr\u00e9c\u00e9dentes? Les radiations de Tchernobyl qui s\u2019arr\u00eat\u00e8rent \u00e0 la fronti\u00e8re fran\u00e7aise ou les suppos\u00e9es armes de destructions massives de Sadam Hussein qui ont justifi\u00e9 la 1re guerre du Golfe constituaient-elles des v\u00e9rit\u00e9s moins <em>alternatives<\/em> que celles prof\u00e9r\u00e9es par le nouveau pensionnaire\u00a0de la Maison-Blanche? Je pourrais \u00e9num\u00e9rer sans fin d\u2019autres exemples, mais\u00a0ce n\u2019est pas n\u00e9cessaire \u00e0 la d\u00e9monstration. Aussi loin que l\u2019on remonte dans l\u2019Histoire, les <em>faits alternatifs<\/em> ont toujours hant\u00e9 les d\u00e9bats de soci\u00e9t\u00e9 et en particulier les milieux du pouvoir.<\/p>\n<p>Je fais appel aux historiens pour me citer une seule \u00e9poque ou une seule r\u00e9gion du monde qui se serait fait remarquer par la probit\u00e9 et l\u2019honn\u00eatet\u00e9 de l\u2019ensemble des acteurs de la soci\u00e9t\u00e9.<\/p>\n<p>Alors, puisqu\u2019il n\u2019y a jamais eu d\u2019\u00e8re de <em>V\u00e9rit\u00e9<\/em> pour pr\u00e9c\u00e9der \u00e0\u00a0la situation actuelle, quel est le ph\u00e9nom\u00e8ne qui nous donnerait cette impression? \u00c0 mon humble avis, il s\u2019agit d\u2019Internet. Oui, oui! Ce m\u00eame Internet qui est le principal relais de tous ces <em>faits alternatifs<\/em> et autres propagandes plus ou moins mensong\u00e8res dont s\u2019inspire M.\u00a0Trump.<\/p>\n<p>Internet est certes\u00a0cet oc\u00e9an tumultueux sur lequel flotte toute la pollution informationnelle et naus\u00e9abonde qui nous emp\u00eache d\u2019y nager sereinement. Il suffit toutefois de plonger un peu plus loin de la surface pour acc\u00e9der facilement \u00e0 tout un univers d\u2019informations d\u00e9taill\u00e9es et pr\u00e9cieuses (cet acc\u00e8s n\u2019est pas complet et pourrait \u00eatre grandement am\u00e9lior\u00e9, mais ce n\u2019est pas le sujet). Avant Internet, cette information n\u2019\u00e9tait accessible que par la consultation physique\u00a0de kilom\u00e8tres de rayon de biblioth\u00e8ques ou de caves d\u2019archives, pour autant que l\u2019acc\u00e8s \u00e0\u00a0ces lieux soit seulement autoris\u00e9 et non couvert par un quelconque secret d\u2019\u00c9tat ou industriel.<\/p>\n<p>Internet a renforc\u00e9\u00a0le concept de droit \u00e0 l\u2019information gratuite, comme il\u00a0a renforc\u00e9\u00a0le concept d\u2019acc\u00e8s gratuit \u00e0 la culture audiovisuelle. Certains crient \u00e0 la perversion et luttent de toute leur force commerciale et financi\u00e8re pour contraindre\u00a0les gens \u00e0 payer leurs services au nom d\u2019une pr\u00e9tendue d\u00e9fense l\u00e9gitime des droits d\u2019auteurs. Mais le mal est fait et le ver est dans le fruit. Gr\u00e2ce \u00e0 Internet, les gens ne se contentent plus de gober n\u2019importe quelle v\u00e9rit\u00e9 officielle (quitte \u00e0 gober tout aussi avidement toute contrev\u00e9rit\u00e9 au nom de l\u2019antisyst\u00e8me). La pression pour obtenir la lev\u00e9e des secrets de toutes sortes, d\u2019\u00e9tats, militaires, commerciaux et autres, se fait de plus en plus forte. La r\u00e9sistance aussi est forte, tr\u00e8s forte, mais le mouvement qui se fait vers toujours plus de transparence me parait irr\u00e9versible.<\/p>\n<p>Ce n\u2019est pas l\u2019apparition soi-disant r\u00e9cente de mensonges officiels qui est la marque de cette impression de Post-V\u00e9rit\u00e9. Bien au contraire, c\u2019est le fait que ces mensonges apparaissent enfin sous leur vraie nature qui est la caract\u00e9ristique principale de cette nouvelle \u00e8re, une \u00e8re de <strong><em>Pr\u00e9-V\u00e9rit\u00e9<\/em><\/strong>.<\/p>\n<p><em>Pr\u00e9-V\u00e9rit\u00e9<\/em>, car le chemin vers une v\u00e9rit\u00e9 totale est encore long et probablement inaccessible, comme tout absolu.<\/p>\n<p>&nbsp;<\/p>\n<p>&nbsp;<\/p>\n","protected":false},"excerpt":{"rendered":"<p>Depuis l\u2019\u00e9lection de Donald Trump \u00e0 la pr\u00e9sidence des \u00c9tats-Unis d\u2019Am\u00e9rique et de la libert\u00e9 que lui et son entourage prennent vis-\u00e0-vis de la r\u00e9alit\u00e9 des faits, il de bon ton de pr\u00e9tendre que nous sommes d\u00e9sormais entr\u00e9s dans une \u00e8re de Post-V\u00e9rit\u00e9. Mais est-ce vraiment le cas? N\u2019entrerions-nous pas, timidement, plut\u00f4t dans une \u00e8re <a class=\"more-link\" href=\"https:\/\/silicon-peace.com\/unmondemeilleur\/post-verite-vraiment\/\">Lire plus &#8230;<\/a><\/p>\n","protected":false},"author":3,"featured_media":0,"comment_status":"open","ping_status":"closed","sticky":false,"template":"","format":"standard","meta":{"footnotes":""},"categories":[7,3,2],"tags":[],"class_list":["post-207","post","type-post","status-publish","format-standard","hentry","category-actualites","category-democratie","category-lavenir"],"_links":{"self":[{"href":"https:\/\/silicon-peace.com\/unmondemeilleur\/wp-json\/wp\/v2\/posts\/207","targetHints":{"allow":["GET"]}}],"collection":[{"href":"https:\/\/silicon-peace.com\/unmondemeilleur\/wp-json\/wp\/v2\/posts"}],"about":[{"href":"https:\/\/silicon-peace.com\/unmondemeilleur\/wp-json\/wp\/v2\/types\/post"}],"author":[{"embeddable":true,"href":"https:\/\/silicon-peace.com\/unmondemeilleur\/wp-json\/wp\/v2\/users\/3"}],"replies":[{"embeddable":true,"href":"https:\/\/silicon-peace.com\/unmondemeilleur\/wp-json\/wp\/v2\/comments?post=207"}],"version-history":[{"count":1,"href":"https:\/\/silicon-peace.com\/unmondemeilleur\/wp-json\/wp\/v2\/posts\/207\/revisions"}],"predecessor-version":[{"id":208,"href":"https:\/\/silicon-peace.com\/unmondemeilleur\/wp-json\/wp\/v2\/posts\/207\/revisions\/208"}],"wp:attachment":[{"href":"https:\/\/silicon-peace.com\/unmondemeilleur\/wp-json\/wp\/v2\/media?parent=207"}],"wp:term":[{"taxonomy":"category","embeddable":true,"href":"https:\/\/silicon-peace.com\/unmondemeilleur\/wp-json\/wp\/v2\/categories?post=207"},{"taxonomy":"post_tag","embeddable":true,"href":"https:\/\/silicon-peace.com\/unmondemeilleur\/wp-json\/wp\/v2\/tags?post=207"}],"curies":[{"name":"wp","href":"https:\/\/api.w.org\/{rel}","templated":true}]}}