{"id":14,"date":"2008-05-14T11:06:04","date_gmt":"2008-05-14T09:06:04","guid":{"rendered":"https:\/\/unmondemeilleur.silicon-peace.com\/?p=14"},"modified":"2016-05-08T10:52:42","modified_gmt":"2016-05-08T08:52:42","slug":"le-paradoxe-de-fermi","status":"publish","type":"post","link":"https:\/\/silicon-peace.com\/unmondemeilleur\/le-paradoxe-de-fermi\/","title":{"rendered":"Le paradoxe de Fermi"},"content":{"rendered":"<p>En 1950, lors d\u2019un repas entre coll\u00e8gues o\u00f9 la discussion portait sur la possibilit\u00e9 de vie extraterrestre, le physicien italien Enrico Fermi posa la question\u00a0: \u2013 Mais o\u00f9 sont-ils donc\u00a0? Si une civilisation extraterrestre maitrisait le voyage dans l\u2019espace, celle-ci devrait coloniser l\u2019ensemble de la galaxie en seulement quelques millions d\u2019ann\u00e9es. Si l\u2019on admet que la vie est relativement r\u00e9pandue dans l\u2019univers, la galaxie devrait \u00eatre totalement colonis\u00e9e actuellement. Dans ce cas, comment se fait-il qu\u2019ils ne soient pas ici et maintenant\u00a0? C\u2019est ce que l\u2019on appelle le paradoxe de Fermi.<\/p>\n<p>Quel est le rapport avec ce blog centr\u00e9 sur les difficiles relations de l\u2019esp\u00e8ce humaine avec son environnement\u00a0? C\u2019est que parmi les r\u00e9ponses envisag\u00e9es au paradoxe de Fermi, celles portant sur les possibilit\u00e9s de survie des civilisations technologiques sont parfaitement en phase avec les pr\u00e9occupations actuelles. Pour simplifier, ces hypoth\u00e8ses concluent que si les extraterrestres ne sont pas l\u00e0 aujourd\u2019hui, c\u2019est parce qu\u2019il n\u2019y a pas de civilisation galactique, et cela, parce que les soci\u00e9t\u00e9s technologiques ne peuvent pas survivre assez longtemps pour entreprendre cette colonisation. Une telle perspective est, reconnaissons-le, particuli\u00e8rement angoissante. L\u2019absence des extraterrestres impliquerait que l\u2019humanit\u00e9 devrait in\u00e9luctablement disparaitre dans les si\u00e8cles \u00e0 venir.<\/p>\n<p>Refusant un tel fatalisme, certains ont \u00e9mis l\u2019hypoth\u00e8se que si nous n\u2019avons pas \u00e9t\u00e9 colonis\u00e9s, c\u2019est parce que les civilisations extraterrestres ont \u00e9chapp\u00e9 aux pulsions guerri\u00e8res ou tout au moins ont su les maitriser assez t\u00f4t dans leur \u00e9volution\u00a0; que par la suite, dans leur d\u00e9veloppement galactique, elles aient eu un comportement respectueux des mondes en voie de d\u00e9veloppement.<\/p>\n<p>Cette hypoth\u00e8se est toutefois qualifi\u00e9e d\u2019ang\u00e9lique, que seuls quelques niais pacifistes pourraient soutenir. J\u2019avoue faire partie de cette cat\u00e9gorie d\u2019utopistes. Cette hypoth\u00e8se ne peut toutefois pas tenir debout, car m\u00eame si au sein de millions de plan\u00e8tes pacifistes, une seule civilisation d\u00e9cidait de conqu\u00e9rir la galaxie, elle l\u2019occuperait rapidement, en quelques millions d\u2019ann\u00e9es.<\/p>\n<p>Jusqu\u2019\u00e0 la fin des ann\u00e9es 70, la cause probable d\u2019une possible disparition de l\u2019humanit\u00e9 \u00e9tait attribu\u00e9e \u00e0 une guerre atomique. Il y a en effet dans nos arsenaux largement de quoi rendre notre plan\u00e8te franchement inhospitali\u00e8re. La question de la survie de l\u2019humanit\u00e9 se r\u00e9duisait \u00e0 la simple question\u00a0: serons-nous capables d\u2019\u00e9tablir une ou deux colonies autonomes sur d\u2019autres plan\u00e8tes du syst\u00e8me solaire avant le d\u00e9clenchement du feu d\u2019artifice ultime sur Terre\u00a0?<br \/>\nSans que la menace d\u2019un conflit nucl\u00e9aire ait totalement disparu, il apparait aujourd\u2019hui que la menace r\u00e9elle est d\u2019ordre environnemental. L\u2019explosion d\u00e9mographique, ainsi que les pollutions et la destruction de la biodiversit\u00e9 qui en r\u00e9sultent, entraine la plan\u00e8te vers une nouvelle grande extinction \u00e0 laquelle nous aurons beaucoup de peine \u00e0 \u00e9chapper.<\/p>\n<p>Il est peut-\u00eatre encore temps d\u2019emp\u00eacher le grand cataclysme, mais pour cela, il est imp\u00e9ratif que nous changions radicalement et tr\u00e8s rapidement notre rapport avec notre environnement. Nous devons laisser de la place pour les autres esp\u00e8ces avec qui nous partageons cette plan\u00e8te. Nous n\u2019y parviendrons que si nous acceptons de r\u00e9duire drastiquement la population mondiale. Nous devrons \u00e9galement mettre l\u2019essentiel de nos efforts sur la r\u00e9paration des d\u00e9g\u00e2ts occasionn\u00e9s par notre inconscience.<\/p>\n<p>Si nous survivons, pas seulement en tant qu\u2019esp\u00e8ce, mais \u00e9galement en tant que biosph\u00e8re, un acc\u00e8s \u00e0 l\u2019espace pourrait s\u2019envisager dans une tout autre perspective. Ce ne serait pas l\u2019homme qui partirait \u00e0 la conqu\u00eate de l\u2019univers, mais la vie qui se r\u00e9pandrait en dehors de son berceau. En quelque sorte une \u00c9closion.<\/p>\n<p>Y a-t-il une r\u00e9elle diff\u00e9rence entre cette vision bucolique et une conqu\u00eate belliqueuse\u00a0? \u00c0 mon avis oui, car si la terraformation de plan\u00e8tes d\u00e9nu\u00e9es de vie peut \u00eatre consid\u00e9r\u00e9e comme une action positive, il n\u2019en ira pas de m\u00eame lorsque nous serons confront\u00e9s \u00e0 des syst\u00e8mes plan\u00e9taires au sein desquels la vie se sera d\u00e9velopp\u00e9e de mani\u00e8re autonome. Ang\u00e9lisme\u00a0? Peut-\u00eatre, mais j\u2019ai la conviction que ce que nous apprendrons lors de notre r\u00e9conciliation avec notre plan\u00e8te nous mettra \u00e0 l\u2019abri de d\u00e9rives bioh\u00e9g\u00e9monisme.<\/p>\n<p>Le paradoxe de Fermi pourrait \u00eatre reformul\u00e9 ainsi\u00a0:<br \/>\nSi d\u2019autres civilisations aussi peu respectueuses de leur environnement que la n\u00f4tre existent dans l\u2019univers, o\u00f9 sont-elles\u00a0? Pourquoi ne sont-elles pas ici et maintenant\u00a0?<br \/>\nPeut-\u00eatre est-ce parce que ce sont ces civilisations-l\u00e0 qui ne peuvent survivre.<\/p>\n<p>Souvenons-nous que nous ne sommes pas propri\u00e9taires de cette plan\u00e8te. Nous n\u2019en sommes que colocataires\u00a0!<\/p>\n<div class=\"sharedaddy sd-sharing-enabled\"><\/div>\n","protected":false},"excerpt":{"rendered":"<p>En 1950, lors d\u2019un repas entre coll\u00e8gues o\u00f9 la discussion portait sur la possibilit\u00e9 de vie extraterrestre, le physicien italien Enrico Fermi posa la question\u00a0: \u2013 Mais o\u00f9 sont-ils donc\u00a0? Si une civilisation extraterrestre maitrisait le voyage dans l\u2019espace, celle-ci devrait coloniser l\u2019ensemble de la galaxie en seulement quelques millions d\u2019ann\u00e9es. Si l\u2019on admet que <a class=\"more-link\" href=\"https:\/\/silicon-peace.com\/unmondemeilleur\/le-paradoxe-de-fermi\/\">Lire plus &#8230;<\/a><\/p>\n","protected":false},"author":3,"featured_media":0,"comment_status":"open","ping_status":"closed","sticky":false,"template":"","format":"standard","meta":{"footnotes":""},"categories":[2],"tags":[],"class_list":["post-14","post","type-post","status-publish","format-standard","hentry","category-lavenir"],"_links":{"self":[{"href":"https:\/\/silicon-peace.com\/unmondemeilleur\/wp-json\/wp\/v2\/posts\/14","targetHints":{"allow":["GET"]}}],"collection":[{"href":"https:\/\/silicon-peace.com\/unmondemeilleur\/wp-json\/wp\/v2\/posts"}],"about":[{"href":"https:\/\/silicon-peace.com\/unmondemeilleur\/wp-json\/wp\/v2\/types\/post"}],"author":[{"embeddable":true,"href":"https:\/\/silicon-peace.com\/unmondemeilleur\/wp-json\/wp\/v2\/users\/3"}],"replies":[{"embeddable":true,"href":"https:\/\/silicon-peace.com\/unmondemeilleur\/wp-json\/wp\/v2\/comments?post=14"}],"version-history":[{"count":1,"href":"https:\/\/silicon-peace.com\/unmondemeilleur\/wp-json\/wp\/v2\/posts\/14\/revisions"}],"predecessor-version":[{"id":15,"href":"https:\/\/silicon-peace.com\/unmondemeilleur\/wp-json\/wp\/v2\/posts\/14\/revisions\/15"}],"wp:attachment":[{"href":"https:\/\/silicon-peace.com\/unmondemeilleur\/wp-json\/wp\/v2\/media?parent=14"}],"wp:term":[{"taxonomy":"category","embeddable":true,"href":"https:\/\/silicon-peace.com\/unmondemeilleur\/wp-json\/wp\/v2\/categories?post=14"},{"taxonomy":"post_tag","embeddable":true,"href":"https:\/\/silicon-peace.com\/unmondemeilleur\/wp-json\/wp\/v2\/tags?post=14"}],"curies":[{"name":"wp","href":"https:\/\/api.w.org\/{rel}","templated":true}]}}